{"id":310,"date":"2025-03-07T14:57:06","date_gmt":"2025-03-07T14:57:06","guid":{"rendered":"https:\/\/ongmjpp.org\/wp\/?p=310"},"modified":"2025-04-08T14:58:14","modified_gmt":"2025-04-08T14:58:14","slug":"ong-mjpp-internationale-annonce-%f0%9d%97%9f%f0%9d%97%94-%f0%9d%97%a5%f0%9d%97%98%f0%9d%97%a6%f0%9d%97%a7%f0%9d%97%a5%f0%9d%97%a8%f0%9d%97%96%f0%9d%97%a7%f0%9d%97%a8%f0%9d%97%a5%f0%9d%97%94","status":"publish","type":"post","link":"https:\/\/ongmjpp.org\/wp\/blog\/2025\/03\/07\/ong-mjpp-internationale-annonce-%f0%9d%97%9f%f0%9d%97%94-%f0%9d%97%a5%f0%9d%97%98%f0%9d%97%a6%f0%9d%97%a7%f0%9d%97%a5%f0%9d%97%a8%f0%9d%97%96%f0%9d%97%a7%f0%9d%97%a8%f0%9d%97%a5%f0%9d%97%94\/","title":{"rendered":"ONG MJPP INTERNATIONALE annonce \ud835\udddf\ud835\uddd4 \ud835\udde5\ud835\uddd8\ud835\udde6\ud835\udde7\ud835\udde5\ud835\udde8\ud835\uddd6\ud835\udde7\ud835\udde8\ud835\udde5\ud835\uddd4\ud835\udde7\ud835\udddc\ud835\udde2\ud835\udde1 ORGANISATIONNELLE"},"content":{"rendered":"\n<p><a><\/a>Pr\u00e9vue depuis un temps, La restructuration d\u2019organisationnelle est une op\u00e9ration de gestion, men\u00e9e par une commission mandat\u00e9e par le Conseil d\u2019Administration de l\u2019ONG , en vue de r\u00e9am\u00e9nager un ou plusieurs \u00e9l\u00e9ments constitutifs de l\u2019organisation pour s\u2019adapter \u00e0 des contraintes ou des \u00e9volutions.<\/p>\n\n\n\n<p>Les cons\u00e9quences d\u2019une restructuration sur les membres des organisations sont variables, mais elles vont assur\u00e9ment affecter leur environnement de travail, voire g\u00e9n\u00e9rer des Changements et m\u00eame des rel\u00e9gations . La restructuration d\u2019Organisation est encadr\u00e9e l\u00e9galement. Il est donc tr\u00e8s important pour les membres de l\u2019ONG MJPP , RIJEFPP et OIJPP de bien comprendre les \u00e9tapes de cette restructuration.<\/p>\n\n\n\n<p>Amb. Johaness MAKOUVIA<\/p>\n\n\n\n<p>\ud835\udc0b\ud835\udc1e Pr\u00e9sident du \ud835\udc02\ud835\udc28\ud835\udc27\ud835\udc2c\ud835\udc1e\ud835\udc22\ud835\udc25 \ud835\udc1d\u2019\ud835\udc00\ud835\udc1d\ud835\udc26\ud835\udc22\ud835\udc27\ud835\udc22\ud835\udc2c\ud835\udc2d\ud835\udc2b\ud835\udc1a\ud835\udc2d\ud835\udc22\ud835\udc28\ud835\udc27 ,<\/p>\n","protected":false},"excerpt":{"rendered":"<p>Pr&eacute;vue depuis un temps, La restructuration d&rsquo;organisationnelle est une op&eacute;ration de gestion, men&eacute;e par une commission mandat&eacute;e par<\/p>\n","protected":false},"author":1,"featured_media":311,"comment_status":"open","ping_status":"open","sticky":false,"template":"","format":"standard","meta":{"pagelayer_contact_templates":[],"_pagelayer_content":"","footnotes":""},"categories":[7],"tags":[],"class_list":["post-310","post","type-post","status-publish","format-standard","has-post-thumbnail","hentry","category-communique-info"],"_links":{"self":[{"href":"https:\/\/ongmjpp.org\/wp\/wp-json\/wp\/v2\/posts\/310","targetHints":{"allow":["GET"]}}],"collection":[{"href":"https:\/\/ongmjpp.org\/wp\/wp-json\/wp\/v2\/posts"}],"about":[{"href":"https:\/\/ongmjpp.org\/wp\/wp-json\/wp\/v2\/types\/post"}],"author":[{"embeddable":true,"href":"https:\/\/ongmjpp.org\/wp\/wp-json\/wp\/v2\/users\/1"}],"replies":[{"embeddable":true,"href":"https:\/\/ongmjpp.org\/wp\/wp-json\/wp\/v2\/comments?post=310"}],"version-history":[{"count":2,"href":"https:\/\/ongmjpp.org\/wp\/wp-json\/wp\/v2\/posts\/310\/revisions"}],"predecessor-version":[{"id":432,"href":"https:\/\/ongmjpp.org\/wp\/wp-json\/wp\/v2\/posts\/310\/revisions\/432"}],"wp:featuredmedia":[{"embeddable":true,"href":"https:\/\/ongmjpp.org\/wp\/wp-json\/wp\/v2\/media\/311"}],"wp:attachment":[{"href":"https:\/\/ongmjpp.org\/wp\/wp-json\/wp\/v2\/media?parent=310"}],"wp:term":[{"taxonomy":"category","embeddable":true,"href":"https:\/\/ongmjpp.org\/wp\/wp-json\/wp\/v2\/categories?post=310"},{"taxonomy":"post_tag","embeddable":true,"href":"https:\/\/ongmjpp.org\/wp\/wp-json\/wp\/v2\/tags?post=310"}],"curies":[{"name":"wp","href":"https:\/\/api.w.org\/{rel}","templated":true}]}}